[{"@context":"https:\/\/schema.org\/","@type":"Blog","@id":"https:\/\/www.garola.cz#Blog","headline":"Garola","description":"\nPokud pot\u0159ebujete nal\u00e9zt d\u016fle\u017eit\u00e9 informace, je\u017e se v\u00e1m neda\u0159\u00ed naj\u00edt nikde jinde, mo\u017en\u00e1 byste mohli usp\u011bt na na\u0161em webu. Zkuste tu sv\u00e9 \u0161t\u011bst\u00ed.","url":"https:\/\/www.garola.cz","hasPart":[{"@type":"Article","@id":"https:\/\/www.garola.cz\/jak-vybrat-kompresor\/","headline":"Jak vybrat kompresor?","url":"https:\/\/www.garola.cz\/jak-vybrat-kompresor\/","datePublished":"2020-09-23","dateModified":"2023-04-26","mainEntityOfPage":"https:\/\/www.garola.cz\/jak-vybrat-kompresor\/","author":{"@type":"Person","@id":"https:\/\/www.garola.cz\/author\/#Person","name":"","url":"https:\/\/www.garola.cz\/author\/","identifier":1,"image":{"@type":"ImageObject","@id":"https:\/\/secure.gravatar.com\/avatar\/0c97be8873d84c78e7a3da39294dc9e209ea44cdddcf1d79ac5ad761aa3cfc7f?s=96&d=mm&r=g","url":"https:\/\/secure.gravatar.com\/avatar\/0c97be8873d84c78e7a3da39294dc9e209ea44cdddcf1d79ac5ad761aa3cfc7f?s=96&d=mm&r=g","height":96,"width":96}},"publisher":{"@type":"Organization","name":"garola.cz","logo":{"@type":"ImageObject","@id":"\/logo.png","url":"\/logo.png","width":600,"height":60}},"image":{"@type":"ImageObject","@id":"https:\/\/www.garola.cz\/wp-content\/uploads\/portable-air-compressor-1547115.jpg","url":"https:\/\/www.garola.cz\/wp-content\/uploads\/portable-air-compressor-1547115.jpg","height":0,"width":0},"wordCount":647,"keywords":null},{"@type":"Article","@id":"https:\/\/www.garola.cz\/ulozne-prostory-v-kuchyni\/","headline":"\u00dalo\u017en\u00e9 prostory v kuchyni","url":"https:\/\/www.garola.cz\/ulozne-prostory-v-kuchyni\/","datePublished":"2020-09-22","dateModified":"2023-04-26","mainEntityOfPage":"https:\/\/www.garola.cz\/ulozne-prostory-v-kuchyni\/","author":{"@type":"Person","@id":"https:\/\/www.garola.cz\/author\/#Person","name":"","url":"https:\/\/www.garola.cz\/author\/","identifier":1,"image":{"@type":"ImageObject","@id":"https:\/\/secure.gravatar.com\/avatar\/0c97be8873d84c78e7a3da39294dc9e209ea44cdddcf1d79ac5ad761aa3cfc7f?s=96&d=mm&r=g","url":"https:\/\/secure.gravatar.com\/avatar\/0c97be8873d84c78e7a3da39294dc9e209ea44cdddcf1d79ac5ad761aa3cfc7f?s=96&d=mm&r=g","height":96,"width":96}},"publisher":{"@type":"Organization","name":"garola.cz","logo":{"@type":"ImageObject","@id":"\/logo.png","url":"\/logo.png","width":600,"height":60}},"image":{"@type":"ImageObject","@id":"https:\/\/www.garola.cz\/wp-content\/uploads\/img_a299552_w2023_t1509471013.jpg","url":"https:\/\/www.garola.cz\/wp-content\/uploads\/img_a299552_w2023_t1509471013.jpg","height":0,"width":0},"wordCount":514,"keywords":null},{"@type":"Article","@id":"https:\/\/www.garola.cz\/usetrete-za-energie\/","headline":"U\u0161et\u0159ete za energie","url":"https:\/\/www.garola.cz\/usetrete-za-energie\/","datePublished":"2020-09-16","dateModified":"2023-04-26","mainEntityOfPage":"https:\/\/www.garola.cz\/usetrete-za-energie\/","author":{"@type":"Person","@id":"https:\/\/www.garola.cz\/author\/#Person","name":"","url":"https:\/\/www.garola.cz\/author\/","identifier":1,"image":{"@type":"ImageObject","@id":"https:\/\/secure.gravatar.com\/avatar\/0c97be8873d84c78e7a3da39294dc9e209ea44cdddcf1d79ac5ad761aa3cfc7f?s=96&d=mm&r=g","url":"https:\/\/secure.gravatar.com\/avatar\/0c97be8873d84c78e7a3da39294dc9e209ea44cdddcf1d79ac5ad761aa3cfc7f?s=96&d=mm&r=g","height":96,"width":96}},"publisher":{"@type":"Organization","name":"garola.cz","logo":{"@type":"ImageObject","@id":"\/logo.png","url":"\/logo.png","width":600,"height":60}},"image":{"@type":"ImageObject","@id":"https:\/\/www.garola.cz\/wp-content\/uploads\/m%C4%9B%C5%99en%C3%AD%20dronem.jpg","url":"https:\/\/www.garola.cz\/wp-content\/uploads\/m%C4%9B%C5%99en%C3%AD%20dronem.jpg","height":0,"width":0},"wordCount":625,"keywords":null},{"@type":"Article","@id":"https:\/\/www.garola.cz\/k-cemu-vsemu-slouzi-kakaove-boby\/","headline":"K \u010demu v\u0161emu slou\u017e\u00ed kakaov\u00e9 boby","url":"https:\/\/www.garola.cz\/k-cemu-vsemu-slouzi-kakaove-boby\/","datePublished":"2020-09-08","dateModified":"2023-04-26","mainEntityOfPage":"https:\/\/www.garola.cz\/k-cemu-vsemu-slouzi-kakaove-boby\/","author":{"@type":"Person","@id":"https:\/\/www.garola.cz\/author\/#Person","name":"","url":"https:\/\/www.garola.cz\/author\/","identifier":1,"image":{"@type":"ImageObject","@id":"https:\/\/secure.gravatar.com\/avatar\/0c97be8873d84c78e7a3da39294dc9e209ea44cdddcf1d79ac5ad761aa3cfc7f?s=96&d=mm&r=g","url":"https:\/\/secure.gravatar.com\/avatar\/0c97be8873d84c78e7a3da39294dc9e209ea44cdddcf1d79ac5ad761aa3cfc7f?s=96&d=mm&r=g","height":96,"width":96}},"publisher":{"@type":"Organization","name":"garola.cz","logo":{"@type":"ImageObject","@id":"\/logo.png","url":"\/logo.png","width":600,"height":60}},"image":{"@type":"ImageObject","@id":"https:\/\/www.garola.cz\/wp-content\/uploads\/kakaoboby1.jpg","url":"https:\/\/www.garola.cz\/wp-content\/uploads\/kakaoboby1.jpg","height":0,"width":0},"wordCount":624,"keywords":null},{"@type":"Article","@id":"https:\/\/www.garola.cz\/fotografie-skvely-dekoracni-prvek\/","headline":"Fotografie \u2013 skv\u011bl\u00fd dekora\u010dn\u00ed prvek","url":"https:\/\/www.garola.cz\/fotografie-skvely-dekoracni-prvek\/","datePublished":"2020-09-04","dateModified":"2023-04-26","mainEntityOfPage":"https:\/\/www.garola.cz\/fotografie-skvely-dekoracni-prvek\/","author":{"@type":"Person","@id":"https:\/\/www.garola.cz\/author\/#Person","name":"","url":"https:\/\/www.garola.cz\/author\/","identifier":1,"image":{"@type":"ImageObject","@id":"https:\/\/secure.gravatar.com\/avatar\/0c97be8873d84c78e7a3da39294dc9e209ea44cdddcf1d79ac5ad761aa3cfc7f?s=96&d=mm&r=g","url":"https:\/\/secure.gravatar.com\/avatar\/0c97be8873d84c78e7a3da39294dc9e209ea44cdddcf1d79ac5ad761aa3cfc7f?s=96&d=mm&r=g","height":96,"width":96}},"publisher":{"@type":"Organization","name":"garola.cz","logo":{"@type":"ImageObject","@id":"\/logo.png","url":"\/logo.png","width":600,"height":60}},"image":{"@type":"ImageObject","@id":"https:\/\/www.garola.cz\/wp-content\/uploads\/img_a291778_w2164_t1504169270.jpg","url":"https:\/\/www.garola.cz\/wp-content\/uploads\/img_a291778_w2164_t1504169270.jpg","height":0,"width":0},"wordCount":561,"keywords":null},{"@type":"Article","@id":"https:\/\/www.garola.cz\/uchovavani-urody\/","headline":"Uchov\u00e1v\u00e1n\u00ed \u00farody","url":"https:\/\/www.garola.cz\/uchovavani-urody\/","datePublished":"2020-09-01","dateModified":"2023-04-26","mainEntityOfPage":"https:\/\/www.garola.cz\/uchovavani-urody\/","author":{"@type":"Person","@id":"https:\/\/www.garola.cz\/author\/#Person","name":"","url":"https:\/\/www.garola.cz\/author\/","identifier":1,"image":{"@type":"ImageObject","@id":"https:\/\/secure.gravatar.com\/avatar\/0c97be8873d84c78e7a3da39294dc9e209ea44cdddcf1d79ac5ad761aa3cfc7f?s=96&d=mm&r=g","url":"https:\/\/secure.gravatar.com\/avatar\/0c97be8873d84c78e7a3da39294dc9e209ea44cdddcf1d79ac5ad761aa3cfc7f?s=96&d=mm&r=g","height":96,"width":96}},"publisher":{"@type":"Organization","name":"garola.cz","logo":{"@type":"ImageObject","@id":"\/logo.png","url":"\/logo.png","width":600,"height":60}},"image":{"@type":"ImageObject","@id":"https:\/\/www.garola.cz\/wp-content\/uploads\/img_a333869_w2352_t1547472553.jpg","url":"https:\/\/www.garola.cz\/wp-content\/uploads\/img_a333869_w2352_t1547472553.jpg","height":0,"width":0},"wordCount":462,"keywords":null},{"@type":"Article","@id":"https:\/\/www.garola.cz\/jak-na-osetrovani-textilu\/","headline":"Jak na o\u0161et\u0159ov\u00e1n\u00ed textilu","url":"https:\/\/www.garola.cz\/jak-na-osetrovani-textilu\/","datePublished":"2020-08-10","dateModified":"2023-04-26","mainEntityOfPage":"https:\/\/www.garola.cz\/jak-na-osetrovani-textilu\/","author":{"@type":"Person","@id":"https:\/\/www.garola.cz\/author\/#Person","name":"","url":"https:\/\/www.garola.cz\/author\/","identifier":1,"image":{"@type":"ImageObject","@id":"https:\/\/secure.gravatar.com\/avatar\/0c97be8873d84c78e7a3da39294dc9e209ea44cdddcf1d79ac5ad761aa3cfc7f?s=96&d=mm&r=g","url":"https:\/\/secure.gravatar.com\/avatar\/0c97be8873d84c78e7a3da39294dc9e209ea44cdddcf1d79ac5ad761aa3cfc7f?s=96&d=mm&r=g","height":96,"width":96}},"publisher":{"@type":"Organization","name":"garola.cz","logo":{"@type":"ImageObject","@id":"\/logo.png","url":"\/logo.png","width":600,"height":60}},"image":{"@type":"ImageObject","@id":"https:\/\/www.garola.cz\/wp-content\/uploads\/washing-machine-943363_960_720.jpg","url":"https:\/\/www.garola.cz\/wp-content\/uploads\/washing-machine-943363_960_720.jpg","height":0,"width":0},"wordCount":751,"keywords":null},{"@type":"Article","@id":"https:\/\/www.garola.cz\/kterou-pujcku-si-vybrat\/","headline":"Kterou p\u016fj\u010dku si vybrat?","url":"https:\/\/www.garola.cz\/kterou-pujcku-si-vybrat\/","datePublished":"2020-07-19","dateModified":"2023-04-26","mainEntityOfPage":"https:\/\/www.garola.cz\/kterou-pujcku-si-vybrat\/","author":{"@type":"Person","@id":"https:\/\/www.garola.cz\/author\/#Person","name":"","url":"https:\/\/www.garola.cz\/author\/","identifier":1,"image":{"@type":"ImageObject","@id":"https:\/\/secure.gravatar.com\/avatar\/0c97be8873d84c78e7a3da39294dc9e209ea44cdddcf1d79ac5ad761aa3cfc7f?s=96&d=mm&r=g","url":"https:\/\/secure.gravatar.com\/avatar\/0c97be8873d84c78e7a3da39294dc9e209ea44cdddcf1d79ac5ad761aa3cfc7f?s=96&d=mm&r=g","height":96,"width":96}},"publisher":{"@type":"Organization","name":"garola.cz","logo":{"@type":"ImageObject","@id":"\/logo.png","url":"\/logo.png","width":600,"height":60}},"image":{"@type":"ImageObject","@id":"https:\/\/www.garola.cz\/wp-content\/uploads\/podan%C3%A1%20eura.jpg","url":"https:\/\/www.garola.cz\/wp-content\/uploads\/podan%C3%A1%20eura.jpg","height":0,"width":0},"wordCount":601,"keywords":null},{"@type":"Article","@id":"https:\/\/www.garola.cz\/jak-je-to-s-financovanim-a-zivotnosti-mobilheimu\/","headline":"Jak je to s financov\u00e1n\u00edm a \u017eivotnost\u00ed mobilheim\u016f","url":"https:\/\/www.garola.cz\/jak-je-to-s-financovanim-a-zivotnosti-mobilheimu\/","datePublished":"2020-07-13","dateModified":"2023-04-26","mainEntityOfPage":"https:\/\/www.garola.cz\/jak-je-to-s-financovanim-a-zivotnosti-mobilheimu\/","author":{"@type":"Person","@id":"https:\/\/www.garola.cz\/author\/#Person","name":"","url":"https:\/\/www.garola.cz\/author\/","identifier":1,"image":{"@type":"ImageObject","@id":"https:\/\/secure.gravatar.com\/avatar\/0c97be8873d84c78e7a3da39294dc9e209ea44cdddcf1d79ac5ad761aa3cfc7f?s=96&d=mm&r=g","url":"https:\/\/secure.gravatar.com\/avatar\/0c97be8873d84c78e7a3da39294dc9e209ea44cdddcf1d79ac5ad761aa3cfc7f?s=96&d=mm&r=g","height":96,"width":96}},"publisher":{"@type":"Organization","name":"garola.cz","logo":{"@type":"ImageObject","@id":"\/logo.png","url":"\/logo.png","width":600,"height":60}},"image":{"@type":"ImageObject","@id":"https:\/\/www.garola.cz\/wp-content\/uploads\/mobiln%C3%AD%20domy_4.jpg","url":"https:\/\/www.garola.cz\/wp-content\/uploads\/mobiln%C3%AD%20domy_4.jpg","height":0,"width":0},"wordCount":541,"keywords":null},{"@type":"Article","@id":"https:\/\/www.garola.cz\/co-vam-nabizi-mobilni-dum-lavaro-house-2\/","headline":"Co v\u00e1m nab\u00edz\u00ed mobiln\u00ed d\u016fm Lavaro House 2","url":"https:\/\/www.garola.cz\/co-vam-nabizi-mobilni-dum-lavaro-house-2\/","datePublished":"2020-07-13","dateModified":"2024-05-24","mainEntityOfPage":"https:\/\/www.garola.cz\/co-vam-nabizi-mobilni-dum-lavaro-house-2\/","author":{"@type":"Person","@id":"https:\/\/www.garola.cz\/author\/#Person","name":"","url":"https:\/\/www.garola.cz\/author\/","identifier":1,"image":{"@type":"ImageObject","@id":"https:\/\/secure.gravatar.com\/avatar\/0c97be8873d84c78e7a3da39294dc9e209ea44cdddcf1d79ac5ad761aa3cfc7f?s=96&d=mm&r=g","url":"https:\/\/secure.gravatar.com\/avatar\/0c97be8873d84c78e7a3da39294dc9e209ea44cdddcf1d79ac5ad761aa3cfc7f?s=96&d=mm&r=g","height":96,"width":96}},"publisher":{"@type":"Organization","name":"garola.cz","logo":{"@type":"ImageObject","@id":"\/logo.png","url":"\/logo.png","width":600,"height":60}},"image":{"@type":"ImageObject","@id":"https:\/\/www.garola.cz\/wp-content\/uploads\/bydlen%C3%AD%20v%20p%C5%99%C3%ADrod%C4%9B.jpg","url":"https:\/\/www.garola.cz\/wp-content\/uploads\/bydlen%C3%AD%20v%20p%C5%99%C3%ADrod%C4%9B.jpg","height":0,"width":0},"wordCount":679,"keywords":null}]},{"@context":"https:\/\/schema.org","@type":"WebSite","@id":"https:\/\/www.garola.cz\/#website","name":"Garola","url":"https:\/\/www.garola.cz","potentialAction":{"@type":"SearchAction","target":"https:\/\/www.garola.cz\/?s={search_term_string}","query-input":"required name=search_term_string"}}]